{"id":12303,"date":"2021-04-09T08:12:35","date_gmt":"2021-04-09T08:12:35","guid":{"rendered":"http:\/\/gs-rindern.de\/?p=12303"},"modified":"2021-11-16T14:19:40","modified_gmt":"2021-11-16T14:19:40","slug":"distanzunterricht-in-der-woche-vom-12-04-bis-16-04-2021","status":"publish","type":"post","link":"http:\/\/gs-rindern.de\/?p=12303","title":{"rendered":"Distanzunterricht in der Woche vom 12.04. bis 16.04.2021"},"content":{"rendered":"\n<p>Sehr geehrte Eltern,<\/p>\n\n\n\n<p>wie Sie bereits \u00fcber die Medien erfahren haben, findet in der n\u00e4chsten Woche kein Pr\u00e4senzunterricht statt.<br>Da uns die offizielle Nachricht hierzu erst gestern Abend um 20.00 Uhr erreichte, bitten wir diese kurzfristige Information zu entschuldigen.<\/p>\n\n\n\n<p>F\u00fcr die n\u00e4chste Woche gelten die Regeln des Distanzunterrichts (siehe Homepageeintrag vom 15.01.2021). <br>Die Wochenpl\u00e4ne und weitere Informationen erhalten Sie \u00fcber die Klassenlehrerinnen. <\/p>\n\n\n\n<p>Wenn Sie Ihr Kind nicht Zuhause betreuen k\u00f6nnen, senden Sie uns bitte bis Sonntagabend, 18.00 Uhr, das neue Antragsformular ausgef\u00fcllt sowohl an sebus.gs.rindern@kleve.de als auch an ogs-johannasebus@awo-kreiskleve.de<br>Sollten Sie bereits das alte Formular benutzt haben, ist das auch in Ordnung.<\/p>\n\n\n\n<p>Kinder, f\u00fcr die ein VHT- oder OGS-Vertrag besteht, k\u00f6nnen im \u00fcblichen Umfang betreut werden. F\u00fcr die Kinder ohne Vertrag gilt: 1. und 2. Kl\u00e4ssler k\u00f6nnen bis 11.30 Uhr, 3. und 4. Kl\u00e4ssler bis 12.30 Uhr betreut werden. Bitte schreiben Sie die Zeiten Ihres Bedarfs deutlich in das Antragsformular!<\/p>\n\n\n\n<p>Wir alle hoffen, dass nach der kommenden Woche wieder Pr\u00e4senzunterricht -zumindest im Wechselmodell wie vor den Ferien- stattfinden wird.<\/p>\n\n\n\n<p>Sobald uns neue Informationen vorliegen, werden wir Sie in Kenntnis setzen. Bitte schauen Sie regelm\u00e4\u00dfig auf die Homepage.<\/p>\n\n\n\n<p>Herzliche Gr\u00fc\u00dfe und bleiben Sie gesund!<\/p>\n\n\n\n<p>Britta Peters, Schulleiterin<\/p>\n\n\n","protected":false},"excerpt":{"rendered":"<p>Sehr geehrte Eltern, wie Sie bereits \u00fcber die Medien erfahren haben, findet in der n\u00e4chsten Woche kein Pr\u00e4senzunterricht statt.Da uns die offizielle Nachricht hierzu erst gestern Abend um 20.00 Uhr erreichte, bitten wir diese kurzfristige Information zu entschuldigen. F\u00fcr die n\u00e4chste Woche gelten die Regeln des Distanzunterrichts (siehe Homepageeintrag vom 15.01.2021). Die Wochenpl\u00e4ne und weitere [&hellip;]<\/p>\n","protected":false},"author":5,"featured_media":0,"comment_status":"open","ping_status":"open","sticky":false,"template":"","format":"standard","meta":{"ngg_post_thumbnail":0,"footnotes":""},"categories":[7],"tags":[],"_links":{"self":[{"href":"http:\/\/gs-rindern.de\/index.php?rest_route=\/wp\/v2\/posts\/12303"}],"collection":[{"href":"http:\/\/gs-rindern.de\/index.php?rest_route=\/wp\/v2\/posts"}],"about":[{"href":"http:\/\/gs-rindern.de\/index.php?rest_route=\/wp\/v2\/types\/post"}],"author":[{"embeddable":true,"href":"http:\/\/gs-rindern.de\/index.php?rest_route=\/wp\/v2\/users\/5"}],"replies":[{"embeddable":true,"href":"http:\/\/gs-rindern.de\/index.php?rest_route=%2Fwp%2Fv2%2Fcomments&post=12303"}],"version-history":[{"count":2,"href":"http:\/\/gs-rindern.de\/index.php?rest_route=\/wp\/v2\/posts\/12303\/revisions"}],"predecessor-version":[{"id":12314,"href":"http:\/\/gs-rindern.de\/index.php?rest_route=\/wp\/v2\/posts\/12303\/revisions\/12314"}],"wp:attachment":[{"href":"http:\/\/gs-rindern.de\/index.php?rest_route=%2Fwp%2Fv2%2Fmedia&parent=12303"}],"wp:term":[{"taxonomy":"category","embeddable":true,"href":"http:\/\/gs-rindern.de\/index.php?rest_route=%2Fwp%2Fv2%2Fcategories&post=12303"},{"taxonomy":"post_tag","embeddable":true,"href":"http:\/\/gs-rindern.de\/index.php?rest_route=%2Fwp%2Fv2%2Ftags&post=12303"}],"curies":[{"name":"wp","href":"https:\/\/api.w.org\/{rel}","templated":true}]}}