{"id":13201,"date":"2022-02-17T07:31:51","date_gmt":"2022-02-17T07:31:51","guid":{"rendered":"http:\/\/gs-rindern.de\/?p=13201"},"modified":"2022-02-17T07:31:52","modified_gmt":"2022-02-17T07:31:52","slug":"klarstellung-zum-instagram-facebook-eintrag-der-stadt-kleve","status":"publish","type":"post","link":"http:\/\/gs-rindern.de\/?p=13201","title":{"rendered":"Klarstellung zum Instagram-\/Facebook-Eintrag der Stadt Kleve"},"content":{"rendered":"\n<p>Sehr geehrte Eltern,<\/p>\n\n\n\n<p>um Missverst\u00e4ndnissen vorzubeugen, hier ein Auszug aus der Dienstmail des Ministeriums von gestern.<\/p>\n\n\n\n<p>&#8222;F\u00fcr Sch\u00fclerinnen und Sch\u00fcler, die die Mitteilung \u00fcber den<br>Unterrichtsausfall nicht mehr rechtzeitig erreicht hat und die deshalb<br>im Schulgeb\u00e4ude eintreffen, ist eine angemessene Beaufsichtigung durch<br>die Schulen zu gew\u00e4hrleisten.&#8220;<\/p>\n\n\n\n<p>Das bedeutet nicht, dass eine Notgruppe eingerichtet werden soll, sondern, dass die Schulen sicherstellen m\u00fcssen, dass Sch\u00fcler, die trotz Ank\u00fcndigung eintreffen, aufgefangen werden.<\/p>\n\n\n\n<p>Mit freundlichen Gr\u00fc\u00dfen<br>Britta Peters, Schulleiterin<\/p>\n","protected":false},"excerpt":{"rendered":"<p>Sehr geehrte Eltern, um Missverst\u00e4ndnissen vorzubeugen, hier ein Auszug aus der Dienstmail des Ministeriums von gestern. &#8222;F\u00fcr Sch\u00fclerinnen und Sch\u00fcler, die die Mitteilung \u00fcber denUnterrichtsausfall nicht mehr rechtzeitig erreicht hat und die deshalbim Schulgeb\u00e4ude eintreffen, ist eine angemessene Beaufsichtigung durchdie Schulen zu gew\u00e4hrleisten.&#8220; Das bedeutet nicht, dass eine Notgruppe eingerichtet werden soll, sondern, dass die [&hellip;]<\/p>\n","protected":false},"author":5,"featured_media":0,"comment_status":"open","ping_status":"open","sticky":false,"template":"","format":"standard","meta":{"ngg_post_thumbnail":0,"footnotes":""},"categories":[7],"tags":[],"_links":{"self":[{"href":"http:\/\/gs-rindern.de\/index.php?rest_route=\/wp\/v2\/posts\/13201"}],"collection":[{"href":"http:\/\/gs-rindern.de\/index.php?rest_route=\/wp\/v2\/posts"}],"about":[{"href":"http:\/\/gs-rindern.de\/index.php?rest_route=\/wp\/v2\/types\/post"}],"author":[{"embeddable":true,"href":"http:\/\/gs-rindern.de\/index.php?rest_route=\/wp\/v2\/users\/5"}],"replies":[{"embeddable":true,"href":"http:\/\/gs-rindern.de\/index.php?rest_route=%2Fwp%2Fv2%2Fcomments&post=13201"}],"version-history":[{"count":1,"href":"http:\/\/gs-rindern.de\/index.php?rest_route=\/wp\/v2\/posts\/13201\/revisions"}],"predecessor-version":[{"id":13202,"href":"http:\/\/gs-rindern.de\/index.php?rest_route=\/wp\/v2\/posts\/13201\/revisions\/13202"}],"wp:attachment":[{"href":"http:\/\/gs-rindern.de\/index.php?rest_route=%2Fwp%2Fv2%2Fmedia&parent=13201"}],"wp:term":[{"taxonomy":"category","embeddable":true,"href":"http:\/\/gs-rindern.de\/index.php?rest_route=%2Fwp%2Fv2%2Fcategories&post=13201"},{"taxonomy":"post_tag","embeddable":true,"href":"http:\/\/gs-rindern.de\/index.php?rest_route=%2Fwp%2Fv2%2Ftags&post=13201"}],"curies":[{"name":"wp","href":"https:\/\/api.w.org\/{rel}","templated":true}]}}