{"id":14680,"date":"2023-09-27T15:22:55","date_gmt":"2023-09-27T15:22:55","guid":{"rendered":"http:\/\/gs-rindern.de\/?p=14680"},"modified":"2023-10-15T15:24:08","modified_gmt":"2023-10-15T15:24:08","slug":"erntedankgottesdienst-auf-dem-acker","status":"publish","type":"post","link":"http:\/\/gs-rindern.de\/?p=14680","title":{"rendered":"Erntedankgottesdienst auf dem Acker"},"content":{"rendered":"\n<p>Am 27.09.2023 fand bei sch\u00f6nem sonnigen Herbstwetter der Erntedankgottesdienst auf unserem Acker statt. Gemeinsam mit Christel Winkels sammelten wir einige Fr\u00fcchte, die wir ernten k\u00f6nnen. Dabei stellten die Kinder fest, dass die Pflanzen im Herbst anders aussehen als im Fr\u00fchling oder Sommer und wie bedeutend daf\u00fcr die warme und kalte Luft ist. Weil die Luft auch f\u00fcr die Menschen und Tiere wichtig ist, durfte jeder die Luft anhalten und wir z\u00e4hlten die Sekunden. Zum Abschluss des Gottesdienstes dankten wir Gott f\u00fcr die wunderbare Ernte, f\u00fcr die lebensnotwendige Luft und f\u00fcr all seine Werke, die er uns geschenkt hat. \u00a0<\/p>\n","protected":false},"excerpt":{"rendered":"<p>Am 27.09.2023 fand bei sch\u00f6nem sonnigen Herbstwetter der Erntedankgottesdienst auf unserem Acker statt. Gemeinsam mit Christel Winkels sammelten wir einige Fr\u00fcchte, die wir ernten k\u00f6nnen. Dabei stellten die Kinder fest, dass die Pflanzen im Herbst anders aussehen als im Fr\u00fchling oder Sommer und wie bedeutend daf\u00fcr die warme und kalte Luft ist. Weil die Luft [&hellip;]<\/p>\n","protected":false},"author":7,"featured_media":0,"comment_status":"open","ping_status":"open","sticky":false,"template":"","format":"standard","meta":{"ngg_post_thumbnail":0,"footnotes":""},"categories":[7],"tags":[],"_links":{"self":[{"href":"http:\/\/gs-rindern.de\/index.php?rest_route=\/wp\/v2\/posts\/14680"}],"collection":[{"href":"http:\/\/gs-rindern.de\/index.php?rest_route=\/wp\/v2\/posts"}],"about":[{"href":"http:\/\/gs-rindern.de\/index.php?rest_route=\/wp\/v2\/types\/post"}],"author":[{"embeddable":true,"href":"http:\/\/gs-rindern.de\/index.php?rest_route=\/wp\/v2\/users\/7"}],"replies":[{"embeddable":true,"href":"http:\/\/gs-rindern.de\/index.php?rest_route=%2Fwp%2Fv2%2Fcomments&post=14680"}],"version-history":[{"count":1,"href":"http:\/\/gs-rindern.de\/index.php?rest_route=\/wp\/v2\/posts\/14680\/revisions"}],"predecessor-version":[{"id":14681,"href":"http:\/\/gs-rindern.de\/index.php?rest_route=\/wp\/v2\/posts\/14680\/revisions\/14681"}],"wp:attachment":[{"href":"http:\/\/gs-rindern.de\/index.php?rest_route=%2Fwp%2Fv2%2Fmedia&parent=14680"}],"wp:term":[{"taxonomy":"category","embeddable":true,"href":"http:\/\/gs-rindern.de\/index.php?rest_route=%2Fwp%2Fv2%2Fcategories&post=14680"},{"taxonomy":"post_tag","embeddable":true,"href":"http:\/\/gs-rindern.de\/index.php?rest_route=%2Fwp%2Fv2%2Ftags&post=14680"}],"curies":[{"name":"wp","href":"https:\/\/api.w.org\/{rel}","templated":true}]}}