{"id":15011,"date":"2024-06-04T05:21:33","date_gmt":"2024-06-04T05:21:33","guid":{"rendered":"https:\/\/gs-rindern.de\/?p=15011"},"modified":"2024-06-29T05:25:15","modified_gmt":"2024-06-29T05:25:15","slug":"stadtfuehrung-durch-kleve","status":"publish","type":"post","link":"https:\/\/gs-rindern.de\/?p=15011","title":{"rendered":"Stadtf\u00fchrung durch Kleve"},"content":{"rendered":"\n<p>Die Klassen 4a und 4b gingen zu Fu\u00df erst einmal zum Koekkoek Platz der Stadt Kleve und fr\u00fchst\u00fcckten dort. Nach ca. 20 Minuten kam dann auch Frau Schn\u00fctgen, die mit uns die Stadtf\u00fchrung durchf\u00fchrte. Im Anschluss erkl\u00e4rte sie uns die Route. Danach liefen wir zum Gedenkstein des Kavariner Tores. Die Tore dienten fr\u00fcher als Durchg\u00e4nge durch die Stadtmauer, allerdings nur f\u00fcr gern gesehene Menschen in Kleve. Au\u00dferdem stand alle 40 m ein Wachturm, in dem einige Wachen aufpassten, dass kein Unbefugter die Stadt betrat. Am Mitteltor angekommen lernten wir auch dar\u00fcber etwas. Und schlie\u00dflich folgte das Schloss- und gleichzeitig auch das letzte Tor. Danach erz\u00e4hlte Frau Schn\u00fctgen uns ein paar alte Geschichten. Wenn man z. B. log, wurde man daf\u00fcr sehr hart bestraft. Im Anschluss besuchten wir einen uralten Friedhof der Juden. Am Ende unserer Stadtf\u00fchrung kamen wir wieder am Koekkoek Platz aus, wo wir uns von Frau Schn\u00fctgen verabschiedeten.&nbsp; (geschrieben von Kindern der 4a\/b)<\/p>\n\n\n\n<figure class=\"wp-block-image size-full\"><img loading=\"lazy\" decoding=\"async\" width=\"960\" height=\"1280\" src=\"http:\/\/gs-rindern.de\/wp-content\/uploads\/2024\/06\/IMG_7983-2-rotated.jpeg\" alt=\"\" class=\"wp-image-15013\" srcset=\"https:\/\/gs-rindern.de\/wp-content\/uploads\/2024\/06\/IMG_7983-2-rotated.jpeg 960w, https:\/\/gs-rindern.de\/wp-content\/uploads\/2024\/06\/IMG_7983-2-338x450.jpeg 338w\" sizes=\"(max-width: 960px) 100vw, 960px\" \/><\/figure>\n","protected":false},"excerpt":{"rendered":"<p>Die Klassen 4a und 4b gingen zu Fu\u00df erst einmal zum Koekkoek Platz der Stadt Kleve und fr\u00fchst\u00fcckten dort. Nach ca. 20 Minuten kam dann auch Frau Schn\u00fctgen, die mit uns die Stadtf\u00fchrung durchf\u00fchrte. Im Anschluss erkl\u00e4rte sie uns die Route. Danach liefen wir zum Gedenkstein des Kavariner Tores. Die Tore dienten fr\u00fcher als Durchg\u00e4nge [&hellip;]<\/p>\n","protected":false},"author":7,"featured_media":15014,"comment_status":"open","ping_status":"open","sticky":false,"template":"","format":"standard","meta":{"ngg_post_thumbnail":0,"footnotes":""},"categories":[7],"tags":[],"_links":{"self":[{"href":"https:\/\/gs-rindern.de\/index.php?rest_route=\/wp\/v2\/posts\/15011"}],"collection":[{"href":"https:\/\/gs-rindern.de\/index.php?rest_route=\/wp\/v2\/posts"}],"about":[{"href":"https:\/\/gs-rindern.de\/index.php?rest_route=\/wp\/v2\/types\/post"}],"author":[{"embeddable":true,"href":"https:\/\/gs-rindern.de\/index.php?rest_route=\/wp\/v2\/users\/7"}],"replies":[{"embeddable":true,"href":"https:\/\/gs-rindern.de\/index.php?rest_route=%2Fwp%2Fv2%2Fcomments&post=15011"}],"version-history":[{"count":2,"href":"https:\/\/gs-rindern.de\/index.php?rest_route=\/wp\/v2\/posts\/15011\/revisions"}],"predecessor-version":[{"id":15015,"href":"https:\/\/gs-rindern.de\/index.php?rest_route=\/wp\/v2\/posts\/15011\/revisions\/15015"}],"wp:featuredmedia":[{"embeddable":true,"href":"https:\/\/gs-rindern.de\/index.php?rest_route=\/wp\/v2\/media\/15014"}],"wp:attachment":[{"href":"https:\/\/gs-rindern.de\/index.php?rest_route=%2Fwp%2Fv2%2Fmedia&parent=15011"}],"wp:term":[{"taxonomy":"category","embeddable":true,"href":"https:\/\/gs-rindern.de\/index.php?rest_route=%2Fwp%2Fv2%2Fcategories&post=15011"},{"taxonomy":"post_tag","embeddable":true,"href":"https:\/\/gs-rindern.de\/index.php?rest_route=%2Fwp%2Fv2%2Ftags&post=15011"}],"curies":[{"name":"wp","href":"https:\/\/api.w.org\/{rel}","templated":true}]}}