{"id":15668,"date":"2026-03-10T08:38:20","date_gmt":"2026-03-10T08:38:20","guid":{"rendered":"https:\/\/gs-rindern.de\/?p=15668"},"modified":"2026-03-10T08:39:20","modified_gmt":"2026-03-10T08:39:20","slug":"siegerin-des-maskottchenwettbewerbs-der-lagakleve-2029","status":"publish","type":"post","link":"https:\/\/gs-rindern.de\/?p=15668","title":{"rendered":"Siegerin des Maskottchenwettbewerbs der LaGaKleve 2029"},"content":{"rendered":"\n<figure class=\"wp-block-image size-full is-resized\"><img loading=\"lazy\" decoding=\"async\" width=\"1200\" height=\"1600\" src=\"https:\/\/gs-rindern.de\/wp-content\/uploads\/2026\/03\/Maskottchenwettbewerb.jpg\" alt=\"\" class=\"wp-image-15669\" style=\"width:460px;height:auto\" srcset=\"https:\/\/gs-rindern.de\/wp-content\/uploads\/2026\/03\/Maskottchenwettbewerb.jpg 1200w, https:\/\/gs-rindern.de\/wp-content\/uploads\/2026\/03\/Maskottchenwettbewerb-338x450.jpg 338w, https:\/\/gs-rindern.de\/wp-content\/uploads\/2026\/03\/Maskottchenwettbewerb-1152x1536.jpg 1152w\" sizes=\"(max-width: 1200px) 100vw, 1200px\" \/><\/figure>\n\n\n\n<p>Emma Kalkes (3b) hat beim Maskottchenwettbewerb der Landesgartenschau Kleve 2029 gewonnen. Wir sind sehr stolz auf sie und freuen uns mit ihr \u00fcber den Sieg. Ihr Schwan mit Gummistiefeln und Gartensch\u00fcrze hat die Jury \u00fcberzeugt. <\/p>\n\n\n\n<p>\u201eIch habe einen Schwan gew\u00e4hlt, der Stiefel in den Klever Farben und eine Sch\u00fcrze im Gr\u00fcn der Natur tr\u00e4gt. Er k\u00fcmmert sich um die sch\u00f6nen Gartenanlagen von Kleve.\u201c<\/p>\n\n\n\n<p>Im folgenden Abschnitt finden Sie die Presseinformation.<\/p>\n\n\n\n<div data-wp-interactive=\"core\/file\" class=\"wp-block-file\"><object data-wp-bind--hidden=\"!state.hasPdfPreview\"  class=\"wp-block-file__embed\" data=\"https:\/\/gs-rindern.de\/wp-content\/uploads\/2026\/03\/260304_Presseinformation-Unser-Landesgartenschau-Maskottchen-1.pdf\" type=\"application\/pdf\" style=\"width:100%;height:600px\" aria-label=\"Einbettung von 260304_Presseinformation-Unser-Landesgartenschau-Maskottchen-1.\"><\/object><a id=\"wp-block-file--media-e07b2790-c285-4b1d-a9ca-0ffad795f16c\" href=\"https:\/\/gs-rindern.de\/wp-content\/uploads\/2026\/03\/260304_Presseinformation-Unser-Landesgartenschau-Maskottchen-1.pdf\">260304_Presseinformation-Unser-Landesgartenschau-Maskottchen-1<\/a><a href=\"https:\/\/gs-rindern.de\/wp-content\/uploads\/2026\/03\/260304_Presseinformation-Unser-Landesgartenschau-Maskottchen-1.pdf\" class=\"wp-block-file__button wp-element-button\" download aria-describedby=\"wp-block-file--media-e07b2790-c285-4b1d-a9ca-0ffad795f16c\">Herunterladen<\/a><\/div>\n","protected":false},"excerpt":{"rendered":"<p>Emma Kalkes (3b) hat beim Maskottchenwettbewerb der Landesgartenschau Kleve 2029 gewonnen. Wir sind sehr stolz auf sie und freuen uns mit ihr \u00fcber den Sieg. Ihr Schwan mit Gummistiefeln und Gartensch\u00fcrze hat die Jury \u00fcberzeugt. \u201eIch habe einen Schwan gew\u00e4hlt, der Stiefel in den Klever Farben und eine Sch\u00fcrze im Gr\u00fcn der Natur tr\u00e4gt. Er [&hellip;]<\/p>\n","protected":false},"author":4,"featured_media":0,"comment_status":"open","ping_status":"open","sticky":false,"template":"","format":"standard","meta":{"ngg_post_thumbnail":0,"footnotes":""},"categories":[7],"tags":[],"_links":{"self":[{"href":"https:\/\/gs-rindern.de\/index.php?rest_route=\/wp\/v2\/posts\/15668"}],"collection":[{"href":"https:\/\/gs-rindern.de\/index.php?rest_route=\/wp\/v2\/posts"}],"about":[{"href":"https:\/\/gs-rindern.de\/index.php?rest_route=\/wp\/v2\/types\/post"}],"author":[{"embeddable":true,"href":"https:\/\/gs-rindern.de\/index.php?rest_route=\/wp\/v2\/users\/4"}],"replies":[{"embeddable":true,"href":"https:\/\/gs-rindern.de\/index.php?rest_route=%2Fwp%2Fv2%2Fcomments&post=15668"}],"version-history":[{"count":2,"href":"https:\/\/gs-rindern.de\/index.php?rest_route=\/wp\/v2\/posts\/15668\/revisions"}],"predecessor-version":[{"id":15672,"href":"https:\/\/gs-rindern.de\/index.php?rest_route=\/wp\/v2\/posts\/15668\/revisions\/15672"}],"wp:attachment":[{"href":"https:\/\/gs-rindern.de\/index.php?rest_route=%2Fwp%2Fv2%2Fmedia&parent=15668"}],"wp:term":[{"taxonomy":"category","embeddable":true,"href":"https:\/\/gs-rindern.de\/index.php?rest_route=%2Fwp%2Fv2%2Fcategories&post=15668"},{"taxonomy":"post_tag","embeddable":true,"href":"https:\/\/gs-rindern.de\/index.php?rest_route=%2Fwp%2Fv2%2Ftags&post=15668"}],"curies":[{"name":"wp","href":"https:\/\/api.w.org\/{rel}","templated":true}]}}